{"id":8636,"date":"2023-12-18T21:04:38","date_gmt":"2023-12-18T20:04:38","guid":{"rendered":"https:\/\/www.souveraenes-digitales-lehren-und-lernen.de\/home\/tag-der-medienkompetenz-2023-in-hannover-copy\/"},"modified":"2025-06-27T11:26:42","modified_gmt":"2025-06-27T09:26:42","slug":"tag-der-medienkompetenz-2023-in-hannover-copy","status":"publish","type":"post","link":"https:\/\/www.souveraenes-digitales-lehren-und-lernen.de\/home\/tag-der-medienkompetenz-2023-in-hannover-copy\/","title":{"rendered":"R\u00fcckschau: Tag des Lehrens und Lernens an der Universit\u00e4t Oldenburg"},"content":{"rendered":"\t\t<div data-elementor-type=\"wp-post\" data-elementor-id=\"8636\" class=\"elementor elementor-8636\" data-elementor-post-type=\"post\">\n\t\t\t\t<div class=\"elementor-element elementor-element-2bc1b1f e-flex e-con-boxed e-con e-parent\" data-id=\"2bc1b1f\" data-element_type=\"container\" data-e-type=\"container\">\n\t\t\t\t\t<div class=\"e-con-inner\">\n\t\t\t\t<div class=\"elementor-element elementor-element-0dba11a elementor-widget elementor-widget-text-editor\" data-id=\"0dba11a\" data-element_type=\"widget\" data-e-type=\"widget\" data-widget_type=\"text-editor.default\">\n\t\t\t\t<div class=\"elementor-widget-container\">\n\t\t\t\t\t\t\t\t\t<p>Am 30.11.2023 fand an der Carl von Ossietzky Universit\u00e4t Oldenburg der \u201eTag des Lehrens und Lernens 2023\u201c unter dem Motto \u201eKI-ne Lehre ohne KI?\u201c statt (<a href=\"https:\/\/uol.de\/tdll\/rueckblick2023\" target=\"_blank\" rel=\"noopener\">https:\/\/uol.de\/tdll\/rueckblick2023<\/a>). Kompetente Kolleginnen und Kollegen sowie externe Fach-Referent:innen pr\u00e4sentierten Themen f\u00fcr die Zukunft der Bildung.<\/p>\n<p>Nach Er\u00f6ffnung der Veranstaltung durch den Vizepr\u00e4sidenten f\u00fcr Studium, Lehre und Internationales, Prof. Dr. Karsten Speck (Bild 1), konnten sich die Teilnehmer:innen an verschiedenen Orten \u00fcber spannende Arbeiten informieren. Im Rahmen einer Poster-Ausstellung konnte der lokale Verbundkoordinator Dr. Norbert Kleinefeld ein Poster zur Erl\u00e4uterung des SOUVER@N-Projekts vorstellen (Bild 2). Im Rahmen einer Podiumsdiskussion mit dem Titel \u201eDem Hype hinterher?! Welchen Einfluss wollen wir neuen Technologien in der (Hoch-)Schulbildung geben?\u201c konnte Frau Dr. Julia Webersik vom SOUVER@N-Projekt (Bilder 3+4) u.a. auch \u00fcber ihre Arbeit an der Leuphana Universit\u00e4t L\u00fcneburg berichten.<\/p>\n<p>Die Organisator:innen aus dem Referat f\u00fcr Studium und Lehre waren mit dem Verlauf der Veranstaltung sehr zufrieden, konnten doch viele Teilnehmer:innen gewonnen werden.<\/p>\n<p>\u00a0<\/p>\n<p><!-- \/wp:paragraph --><\/p>\n<div id=\"accel-snackbar\" style=\"left: 50%; transform: translate(-50%, 0px); top: 50px;\">\u00a0<\/div>\t\t\t\t\t\t\t\t<\/div>\n\t\t\t\t<\/div>\n\t\t\t\t\t<\/div>\n\t\t\t\t<\/div>\n\t\t<div class=\"elementor-element elementor-element-4b07b56 e-flex e-con-boxed e-con e-parent\" data-id=\"4b07b56\" data-element_type=\"container\" data-e-type=\"container\">\n\t\t\t\t\t<div class=\"e-con-inner\">\n\t\t\t\t<div class=\"elementor-element elementor-element-5e821b6 elementor-widget elementor-widget-image-carousel\" data-id=\"5e821b6\" data-element_type=\"widget\" data-e-type=\"widget\" data-settings=\"{&quot;slides_to_show&quot;:&quot;3&quot;,&quot;slides_to_scroll&quot;:&quot;1&quot;,&quot;navigation&quot;:&quot;none&quot;,&quot;autoplay&quot;:&quot;yes&quot;,&quot;pause_on_hover&quot;:&quot;yes&quot;,&quot;pause_on_interaction&quot;:&quot;yes&quot;,&quot;autoplay_speed&quot;:5000,&quot;infinite&quot;:&quot;yes&quot;,&quot;speed&quot;:500}\" data-widget_type=\"image-carousel.default\">\n\t\t\t\t<div class=\"elementor-widget-container\">\n\t\t\t\t\t\t\t<div class=\"elementor-image-carousel-wrapper swiper\" role=\"region\" aria-roledescription=\"carousel\" aria-label=\"Bild Karussell\" dir=\"ltr\">\n\t\t\t<div class=\"elementor-image-carousel swiper-wrapper\" aria-live=\"off\">\n\t\t\t\t\t\t\t\t<div class=\"swiper-slide\" role=\"group\" aria-roledescription=\"slide\" aria-label=\"1 von 4\"><a data-elementor-open-lightbox=\"yes\" data-elementor-lightbox-slideshow=\"5e821b6\" data-e-action-hash=\"#elementor-action%3Aaction%3Dlightbox%26settings%3DeyJpZCI6ODY0MywidXJsIjoiaHR0cHM6XC9cL3d3dy5zb3V2ZXJhZW5lcy1kaWdpdGFsZXMtbGVocmVuLXVuZC1sZXJuZW4uZGVcL3dwLWNvbnRlbnRcL3VwbG9hZHNcLzIwMjNcLzEyXC9CaWxkLTFfRm90by12b24tU09VVkVSQE4tMS1yb3RhdGVkLmpwZyIsInNsaWRlc2hvdyI6IjVlODIxYjYifQ%3D%3D\" href=\"https:\/\/www.souveraenes-digitales-lehren-und-lernen.de\/wp-content\/uploads\/2023\/12\/Bild-1_Foto-von-SOUVER@N-1-rotated.jpg\"><figure class=\"swiper-slide-inner\"><img decoding=\"async\" class=\"swiper-slide-image\" src=\"https:\/\/www.souveraenes-digitales-lehren-und-lernen.de\/wp-content\/uploads\/2023\/12\/Bild-1_Foto-von-SOUVER@N-1-170x225.jpg\" alt=\"Bild 1_Foto von SOUVER@N\" \/><figcaption class=\"elementor-image-carousel-caption\">Bild 1_Foto von SOUVER@N<\/figcaption><\/figure><\/a><\/div><div class=\"swiper-slide\" role=\"group\" aria-roledescription=\"slide\" aria-label=\"2 von 4\"><a data-elementor-open-lightbox=\"yes\" data-elementor-lightbox-slideshow=\"5e821b6\" data-e-action-hash=\"#elementor-action%3Aaction%3Dlightbox%26settings%3DeyJpZCI6ODY0NCwidXJsIjoiaHR0cHM6XC9cL3d3dy5zb3V2ZXJhZW5lcy1kaWdpdGFsZXMtbGVocmVuLXVuZC1sZXJuZW4uZGVcL3dwLWNvbnRlbnRcL3VwbG9hZHNcLzIwMjNcLzEyXC9CaWxkLTJfRm90by12b24tU09VVkVSQE4tMS1yb3RhdGVkLmpwZyIsInNsaWRlc2hvdyI6IjVlODIxYjYifQ%3D%3D\" href=\"https:\/\/www.souveraenes-digitales-lehren-und-lernen.de\/wp-content\/uploads\/2023\/12\/Bild-2_Foto-von-SOUVER@N-1-rotated.jpg\"><figure class=\"swiper-slide-inner\"><img decoding=\"async\" class=\"swiper-slide-image\" src=\"https:\/\/www.souveraenes-digitales-lehren-und-lernen.de\/wp-content\/uploads\/2023\/12\/Bild-2_Foto-von-SOUVER@N-1-170x225.jpg\" alt=\"Bild 2_Foto von SOUVER@N\" \/><figcaption class=\"elementor-image-carousel-caption\">Bild 2_Foto von SOUVER@N<\/figcaption><\/figure><\/a><\/div><div class=\"swiper-slide\" role=\"group\" aria-roledescription=\"slide\" aria-label=\"3 von 4\"><a data-elementor-open-lightbox=\"yes\" data-elementor-lightbox-slideshow=\"5e821b6\" data-e-action-hash=\"#elementor-action%3Aaction%3Dlightbox%26settings%3DeyJpZCI6ODY0NSwidXJsIjoiaHR0cHM6XC9cL3d3dy5zb3V2ZXJhZW5lcy1kaWdpdGFsZXMtbGVocmVuLXVuZC1sZXJuZW4uZGVcL3dwLWNvbnRlbnRcL3VwbG9hZHNcLzIwMjNcLzEyXC9CaWxkLTNfRm90by12b24tU09VVkVSQE4tMS1yb3RhdGVkLmpwZyIsInNsaWRlc2hvdyI6IjVlODIxYjYifQ%3D%3D\" href=\"https:\/\/www.souveraenes-digitales-lehren-und-lernen.de\/wp-content\/uploads\/2023\/12\/Bild-3_Foto-von-SOUVER@N-1-rotated.jpg\"><figure class=\"swiper-slide-inner\"><img decoding=\"async\" class=\"swiper-slide-image\" src=\"https:\/\/www.souveraenes-digitales-lehren-und-lernen.de\/wp-content\/uploads\/2023\/12\/Bild-3_Foto-von-SOUVER@N-1-170x225.jpg\" alt=\"Bild 3_Foto von SOUVER@N\" \/><figcaption class=\"elementor-image-carousel-caption\">Bild 3_Foto von SOUVER@N<\/figcaption><\/figure><\/a><\/div><div class=\"swiper-slide\" role=\"group\" aria-roledescription=\"slide\" aria-label=\"4 von 4\"><a data-elementor-open-lightbox=\"yes\" data-elementor-lightbox-slideshow=\"5e821b6\" data-e-action-hash=\"#elementor-action%3Aaction%3Dlightbox%26settings%3DeyJpZCI6ODY0OSwidXJsIjoiaHR0cHM6XC9cL3d3dy5zb3V2ZXJhZW5lcy1kaWdpdGFsZXMtbGVocmVuLXVuZC1sZXJuZW4uZGVcL3dwLWNvbnRlbnRcL3VwbG9hZHNcLzIwMjNcLzEyXC9CaWxkLTRfRm90by12b24tU09VVkVSQE4tMS5qcGciLCJzbGlkZXNob3ciOiI1ZTgyMWI2In0%3D\" href=\"https:\/\/www.souveraenes-digitales-lehren-und-lernen.de\/wp-content\/uploads\/2023\/12\/Bild-4_Foto-von-SOUVER@N-1.jpg\"><figure class=\"swiper-slide-inner\"><img decoding=\"async\" class=\"swiper-slide-image\" src=\"https:\/\/www.souveraenes-digitales-lehren-und-lernen.de\/wp-content\/uploads\/2023\/12\/Bild-4_Foto-von-SOUVER@N-1-225x170.jpg\" alt=\"Bild 4_Foto von SOUVER@N\" \/><figcaption class=\"elementor-image-carousel-caption\">Bild 4_Foto von SOUVER@N<\/figcaption><\/figure><\/a><\/div>\t\t\t<\/div>\n\t\t\t\t\t\t\t\n\t\t\t\t\t\t\t\t\t<\/div>\n\t\t\t\t\t\t<\/div>\n\t\t\t\t<\/div>\n\t\t\t\t\t<\/div>\n\t\t\t\t<\/div>\n\t\t\t\t<\/div>\n\t\t","protected":false},"excerpt":{"rendered":"<p>Am 30.11.2023 fand an der Carl von Ossietzky Universit\u00e4t Oldenburg der \u201eTag des Lehrens und Lernens 2023\u201c unter dem Motto \u201eKI-ne Lehre ohne KI?\u201c statt (https:\/\/uol.de\/tdll\/rueckblick2023). Kompetente Kolleginnen und Kollegen sowie externe Fach-Referent:innen pr\u00e4sentierten Themen f\u00fcr die Zukunft der Bildung. Nach Er\u00f6ffnung der Veranstaltung durch den Vizepr\u00e4sidenten f\u00fcr Studium, Lehre und Internationales, Prof. Dr. Karsten [&hellip;]<\/p>\n","protected":false},"author":8,"featured_media":8641,"comment_status":"closed","ping_status":"closed","sticky":false,"template":"","format":"standard","meta":{"footnotes":"","_links_to":"","_links_to_target":""},"categories":[84],"tags":[],"class_list":["post-8636","post","type-post","status-publish","format-standard","has-post-thumbnail","hentry","category-aktuelles"],"_links":{"self":[{"href":"https:\/\/www.souveraenes-digitales-lehren-und-lernen.de\/home\/wp-json\/wp\/v2\/posts\/8636","targetHints":{"allow":["GET"]}}],"collection":[{"href":"https:\/\/www.souveraenes-digitales-lehren-und-lernen.de\/home\/wp-json\/wp\/v2\/posts"}],"about":[{"href":"https:\/\/www.souveraenes-digitales-lehren-und-lernen.de\/home\/wp-json\/wp\/v2\/types\/post"}],"author":[{"embeddable":true,"href":"https:\/\/www.souveraenes-digitales-lehren-und-lernen.de\/home\/wp-json\/wp\/v2\/users\/8"}],"replies":[{"embeddable":true,"href":"https:\/\/www.souveraenes-digitales-lehren-und-lernen.de\/home\/wp-json\/wp\/v2\/comments?post=8636"}],"version-history":[{"count":13,"href":"https:\/\/www.souveraenes-digitales-lehren-und-lernen.de\/home\/wp-json\/wp\/v2\/posts\/8636\/revisions"}],"predecessor-version":[{"id":15221,"href":"https:\/\/www.souveraenes-digitales-lehren-und-lernen.de\/home\/wp-json\/wp\/v2\/posts\/8636\/revisions\/15221"}],"wp:featuredmedia":[{"embeddable":true,"href":"https:\/\/www.souveraenes-digitales-lehren-und-lernen.de\/home\/wp-json\/wp\/v2\/media\/8641"}],"wp:attachment":[{"href":"https:\/\/www.souveraenes-digitales-lehren-und-lernen.de\/home\/wp-json\/wp\/v2\/media?parent=8636"}],"wp:term":[{"taxonomy":"category","embeddable":true,"href":"https:\/\/www.souveraenes-digitales-lehren-und-lernen.de\/home\/wp-json\/wp\/v2\/categories?post=8636"},{"taxonomy":"post_tag","embeddable":true,"href":"https:\/\/www.souveraenes-digitales-lehren-und-lernen.de\/home\/wp-json\/wp\/v2\/tags?post=8636"}],"curies":[{"name":"wp","href":"https:\/\/api.w.org\/{rel}","templated":true}]}}