{"id":8310,"date":"2023-11-30T10:20:45","date_gmt":"2023-11-30T09:20:45","guid":{"rendered":"https:\/\/www.souveraenes-digitales-lehren-und-lernen.de\/home\/?p=8310"},"modified":"2025-06-27T11:32:51","modified_gmt":"2025-06-27T09:32:51","slug":"erfolgreicher-auftakt-beim-open-space-niedersachsen","status":"publish","type":"post","link":"https:\/\/www.souveraenes-digitales-lehren-und-lernen.de\/home\/erfolgreicher-auftakt-beim-open-space-niedersachsen\/","title":{"rendered":"Erfolgreicher Auftakt beim digitalen &#8222;Open Space Niedersachsen&#8220;"},"content":{"rendered":"\t\t<div data-elementor-type=\"wp-post\" data-elementor-id=\"8310\" class=\"elementor elementor-8310\" data-elementor-post-type=\"post\">\n\t\t\t\t<div class=\"elementor-element elementor-element-4352edd e-flex e-con-boxed e-con e-parent\" data-id=\"4352edd\" data-element_type=\"container\" data-e-type=\"container\">\n\t\t\t\t\t<div class=\"e-con-inner\">\n\t\t\t\t<div class=\"elementor-element elementor-element-84d598c elementor-widget elementor-widget-text-editor\" data-id=\"84d598c\" data-element_type=\"widget\" data-e-type=\"widget\" data-widget_type=\"text-editor.default\">\n\t\t\t\t<div class=\"elementor-widget-container\">\n\t\t\t\t\t\t\t\t\t<p><\/p><p>In Zusammenarbeit mit den Leitungen der Service- und Supporteinrichtungen f\u00fcr digitale Lehre an den nieders\u00e4chsischen Hochschulen ist die Idee entstanden, den gegenseitigen Austausch durch einen regelm\u00e4\u00dfigen digitalen Open Space zu verst\u00e4rken.<\/p><p><\/p><div id=\"accel-snackbar\" style=\"left: 50%; transform: translate(-50%, 0px); top: 50px;\">\u00a0<\/div>\t\t\t\t\t\t\t\t<\/div>\n\t\t\t\t<\/div>\n\t\t\t\t<div class=\"elementor-element elementor-element-1fe0740 elementor-widget elementor-widget-image\" data-id=\"1fe0740\" data-element_type=\"widget\" data-e-type=\"widget\" data-widget_type=\"image.default\">\n\t\t\t\t<div class=\"elementor-widget-container\">\n\t\t\t\t\t\t\t\t\t\t\t\t<figure class=\"wp-caption\">\n\t\t\t\t\t\t\t\t\t\t<img fetchpriority=\"high\" decoding=\"async\" width=\"555\" height=\"307\" src=\"https:\/\/www.souveraenes-digitales-lehren-und-lernen.de\/wp-content\/uploads\/2023\/11\/Bild1.png\" class=\"attachment-full size-full wp-image-8312\" alt=\"\" srcset=\"https:\/\/www.souveraenes-digitales-lehren-und-lernen.de\/wp-content\/uploads\/2023\/11\/Bild1.png 555w, https:\/\/www.souveraenes-digitales-lehren-und-lernen.de\/wp-content\/uploads\/2023\/11\/Bild1-225x124.png 225w\" sizes=\"(max-width: 555px) 100vw, 555px\" \/>\t\t\t\t\t\t\t\t\t\t\t<figcaption class=\"widget-image-caption wp-caption-text\">Abb. 1: Expertisenlandkarte, eigene Darstellung<\/figcaption>\n\t\t\t\t\t\t\t\t\t\t<\/figure>\n\t\t\t\t\t\t\t\t\t<\/div>\n\t\t\t\t<\/div>\n\t\t\t\t<div class=\"elementor-element elementor-element-7623641 elementor-widget elementor-widget-text-editor\" data-id=\"7623641\" data-element_type=\"widget\" data-e-type=\"widget\" data-widget_type=\"text-editor.default\">\n\t\t\t\t<div class=\"elementor-widget-container\">\n\t\t\t\t\t\t\t\t\t<p><\/p>\n<p>Gesagt, getan: Am 20.11.2023 fand die Kick-off-Veranstaltung dieses <strong>neuen Austauschs- und Vernetzungsformats <\/strong>statt. \u00dcber 30 Kolleg:innen der nieders\u00e4chsischen Serviceeinrichtungen haben sich hierf\u00fcr in einer Videokonferenz eingefunden. Nach einem kurzen Kennenlernen und Ausf\u00fcllen der Expertisenlandkarte (siehe Abb. 1) wurde das Konzept des Open Spaces vorgestellt. Es handelt sich um ein niedrigschwelliges 75-min\u00fctiges Format, welches einmal im Monat stattfindet und bei dem die Servicemitarbeitenden aller nieders\u00e4chsischen Hochschulen eingeladen sind \u2013 sprich \u00fcber SOUVER@N hinausgehend. Es ist die Gelegenheit, mit Mitarbeitenden anderer Hochschulen \u00fcber f\u00fcr diese Zielgruppe interessante Themen in den Austausch treten zu k\u00f6nnen \u2013 der thematischen Fantasie sind da keine Grenzen gesetzt.<\/p>\n<p>Der Hauptfokus des Kick-offs lag in der Termin- und Themenfindung: Der Open Space Niedersachsen findet <strong>ab Januar<\/strong> <strong>an<\/strong> <strong>jedem 2. Montag im Monat von 14:00 \u2013 15:15 Uhr<\/strong> statt. Hierbei werden 60 Minuten f\u00fcr den Inhalt eingeplant und 15 Minuten f\u00fcr die organisatorischen Rahmenbedingungen. <strong>Kommen Sie gerne zu den Open Space-Terminen dazu.<\/strong> Gemeinsam tauschen wir uns \u00fcber die jeweiligen Themen aus, profitieren von den unterschiedlichen Expertisen und vernetzen uns auf diese Weise.<\/p>\n<p><\/p>\n<div id=\"accel-snackbar\" style=\"left: 50%; transform: translate(-50%, 0px); top: 50px;\">\u00a0<\/div>\t\t\t\t\t\t\t\t<\/div>\n\t\t\t\t<\/div>\n\t\t\t\t<div class=\"elementor-element elementor-element-6d3c195 elementor-widget elementor-widget-image\" data-id=\"6d3c195\" data-element_type=\"widget\" data-e-type=\"widget\" data-widget_type=\"image.default\">\n\t\t\t\t<div class=\"elementor-widget-container\">\n\t\t\t\t\t\t\t\t\t\t\t\t<figure class=\"wp-caption\">\n\t\t\t\t\t\t\t\t\t\t<img decoding=\"async\" width=\"549\" height=\"448\" src=\"https:\/\/www.souveraenes-digitales-lehren-und-lernen.de\/wp-content\/uploads\/2023\/11\/Bild2.png\" class=\"attachment-large size-large wp-image-8313\" alt=\"\" srcset=\"https:\/\/www.souveraenes-digitales-lehren-und-lernen.de\/wp-content\/uploads\/2023\/11\/Bild2.png 549w, https:\/\/www.souveraenes-digitales-lehren-und-lernen.de\/wp-content\/uploads\/2023\/11\/Bild2-225x184.png 225w\" sizes=\"(max-width: 549px) 100vw, 549px\" \/>\t\t\t\t\t\t\t\t\t\t\t<figcaption class=\"widget-image-caption wp-caption-text\">Abb. 2: Termin- und Themenzuordnung, eigene Darstellung<\/figcaption>\n\t\t\t\t\t\t\t\t\t\t<\/figure>\n\t\t\t\t\t\t\t\t\t<\/div>\n\t\t\t\t<\/div>\n\t\t\t\t<div class=\"elementor-element elementor-element-cb57a0b elementor-widget elementor-widget-text-editor\" data-id=\"cb57a0b\" data-element_type=\"widget\" data-e-type=\"widget\" data-widget_type=\"text-editor.default\">\n\t\t\t\t<div class=\"elementor-widget-container\">\n\t\t\t\t\t\t\t\t\t<p>Sie sind Servicemitarbeitende:r in Niedersachsen und m\u00f6chten am Open Space-Format teilnehmen sowie in den Mailverteiler aufgenommen werden? Oder\/und Zugang zum Open Space-Ordner in der Academic Cloud erhalten, in welchem alle relevanten Dateien abgelegt werden? Kontaktieren Sie mit dem Betreff \u201eOpen Space Niedersachsen\u201c marina.ille[at]tiho-hannover.de, nadine.kunz[at]uni-osnabrueck.de, sigrun.lehnert[at]leuphana.de oder andrej.swidsinski[at]leuphana.de.<\/p>\n<p>Wir sehen uns!<\/p>\n<p>Ein Beitrag von Nadine Kunz, Universit\u00e4t Osnabr\u00fcck<\/p>\n<p><!-- \/wp:paragraph --><\/p>\t\t\t\t\t\t\t\t<\/div>\n\t\t\t\t<\/div>\n\t\t\t\t\t<\/div>\n\t\t\t\t<\/div>\n\t\t\t\t<\/div>\n\t\t","protected":false},"excerpt":{"rendered":"<p>In Zusammenarbeit mit den Leitungen der Service- und Supporteinrichtungen f\u00fcr digitale Lehre an den nieders\u00e4chsischen Hochschulen ist die Idee entstanden, den gegenseitigen Austausch durch einen regelm\u00e4\u00dfigen digitalen Open Space zu verst\u00e4rken. \u00a0 Abb. 1: Expertisenlandkarte, eigene Darstellung Gesagt, getan: Am 20.11.2023 fand die Kick-off-Veranstaltung dieses neuen Austauschs- und Vernetzungsformats statt. \u00dcber 30 Kolleg:innen der nieders\u00e4chsischen [&hellip;]<\/p>\n","protected":false},"author":8,"featured_media":8505,"comment_status":"closed","ping_status":"closed","sticky":false,"template":"","format":"standard","meta":{"footnotes":"","_links_to":"","_links_to_target":""},"categories":[84],"tags":[],"class_list":["post-8310","post","type-post","status-publish","format-standard","has-post-thumbnail","hentry","category-aktuelles"],"_links":{"self":[{"href":"https:\/\/www.souveraenes-digitales-lehren-und-lernen.de\/home\/wp-json\/wp\/v2\/posts\/8310","targetHints":{"allow":["GET"]}}],"collection":[{"href":"https:\/\/www.souveraenes-digitales-lehren-und-lernen.de\/home\/wp-json\/wp\/v2\/posts"}],"about":[{"href":"https:\/\/www.souveraenes-digitales-lehren-und-lernen.de\/home\/wp-json\/wp\/v2\/types\/post"}],"author":[{"embeddable":true,"href":"https:\/\/www.souveraenes-digitales-lehren-und-lernen.de\/home\/wp-json\/wp\/v2\/users\/8"}],"replies":[{"embeddable":true,"href":"https:\/\/www.souveraenes-digitales-lehren-und-lernen.de\/home\/wp-json\/wp\/v2\/comments?post=8310"}],"version-history":[{"count":24,"href":"https:\/\/www.souveraenes-digitales-lehren-und-lernen.de\/home\/wp-json\/wp\/v2\/posts\/8310\/revisions"}],"predecessor-version":[{"id":15227,"href":"https:\/\/www.souveraenes-digitales-lehren-und-lernen.de\/home\/wp-json\/wp\/v2\/posts\/8310\/revisions\/15227"}],"wp:featuredmedia":[{"embeddable":true,"href":"https:\/\/www.souveraenes-digitales-lehren-und-lernen.de\/home\/wp-json\/wp\/v2\/media\/8505"}],"wp:attachment":[{"href":"https:\/\/www.souveraenes-digitales-lehren-und-lernen.de\/home\/wp-json\/wp\/v2\/media?parent=8310"}],"wp:term":[{"taxonomy":"category","embeddable":true,"href":"https:\/\/www.souveraenes-digitales-lehren-und-lernen.de\/home\/wp-json\/wp\/v2\/categories?post=8310"},{"taxonomy":"post_tag","embeddable":true,"href":"https:\/\/www.souveraenes-digitales-lehren-und-lernen.de\/home\/wp-json\/wp\/v2\/tags?post=8310"}],"curies":[{"name":"wp","href":"https:\/\/api.w.org\/{rel}","templated":true}]}}